{"id":35372,"date":"2023-01-10T22:39:46","date_gmt":"2023-01-10T21:39:46","guid":{"rendered":"https:\/\/www.grindleyimmo.com\/evolution-de-las-terrenas-ces-dernieres-annees\/"},"modified":"2024-09-07T17:39:13","modified_gmt":"2024-09-07T15:39:13","slug":"evolution-de-las-terrenas-ces-dernieres-annees","status":"publish","type":"post","link":"https:\/\/www.grindleyimmo.com\/es\/evolution-de-las-terrenas-ces-dernieres-annees\/","title":{"rendered":"Noticias de Las Terrenas"},"content":{"rendered":"\r\n<h4 class=\"wp-block-heading\">Reconstrucci\u00f3n del pueblo de pescadores<\/h4>\r\n\r\n\r\n<div class=\"wp-block-image\">\r\n<figure class=\"aligncenter size-large is-resized\"><a href=\"https:\/\/www.grindleyimmo.com\/wp-content\/uploads\/2023\/01\/caribbean-1958329_1280.jpg\"><img loading=\"lazy\" decoding=\"async\" class=\"wp-image-36361\" src=\"https:\/\/www.grindleyimmo.com\/wp-content\/uploads\/2023\/01\/caribbean-1958329_1280-1024x681.jpg\" alt=\"\" width=\"369\" height=\"245\" srcset=\"https:\/\/www.grindleyimmo.com\/wp-content\/uploads\/2023\/01\/caribbean-1958329_1280-1024x681.jpg 1024w, https:\/\/www.grindleyimmo.com\/wp-content\/uploads\/2023\/01\/caribbean-1958329_1280-300x199.jpg 300w, https:\/\/www.grindleyimmo.com\/wp-content\/uploads\/2023\/01\/caribbean-1958329_1280-768x511.jpg 768w, https:\/\/www.grindleyimmo.com\/wp-content\/uploads\/2023\/01\/caribbean-1958329_1280-105x70.jpg 105w, https:\/\/www.grindleyimmo.com\/wp-content\/uploads\/2023\/01\/caribbean-1958329_1280.jpg 1280w\" sizes=\"auto, (max-width: 369px) 100vw, 369px\" \/><\/a><\/figure>\r\n<\/div>\r\n\r\n\r\n<p>En enero de 2023, el ministro de Turismo, <strong>David Collado<\/strong>, dio inicio a importantes proyectos de construcci\u00f3n en <strong>Las Terrenas<\/strong> y <strong>El Lim\u00f3n<\/strong>, en la provincia de <strong>Saman\u00e1<\/strong>. Estos proyectos incluyen el pavimentado de calles, la mejora de los accesos a las playas, la reconstrucci\u00f3n del <strong>Pueblo de los Pescadores (Pueblo de los Pescadores)<\/strong> y la instalaci\u00f3n de nuevas luminarias. La inversi\u00f3n, que asciende a <strong>m\u00e1s de 272 millones de pesos<\/strong>, busca reforzar las infraestructuras tur\u00edsticas de la regi\u00f3n.<\/p>\r\n<p>El ministro Collado destac\u00f3 el valor simb\u00f3lico del Pueblo de los Pescadores para Saman\u00e1, afirmando que \u00abeste sitio emblem\u00e1tico es un s\u00edmbolo de este hermoso destino tur\u00edstico bendecido por la naturaleza\u00bb.<\/p>\r\n<p>El <strong>proyecto Plaza del Pueblo de los Pescadores<\/strong> cubre una superficie de <strong>4,930 m\u00b2<\/strong> e incluye la creaci\u00f3n de una plaza p\u00fablica de <strong>960 m\u00b2<\/strong>, calles pavimentadas y <strong>tres accesos directos a la playa<\/strong>. Adem\u00e1s, el proyecto contar\u00e1 con <strong>10 puestos de comida<\/strong>, <strong>2 m\u00f3dulos sanitarios<\/strong>, un punto de informaci\u00f3n y \u00e1reas de servicio general, iluminaci\u00f3n y se\u00f1alizaci\u00f3n. Tambi\u00e9n se implementar\u00e1n jardines, un sistema de seguridad y estacionamiento para bicicletas.<\/p>\r\n\r\n\r\n\r\n<p>&nbsp;<\/p>\r\n\r\n\r\n\r\n<h4 class=\"wp-block-heading\">Rehabilitaci\u00f3n de carreteras en El Lim\u00f3n<\/h4>\r\n<p>Simult\u00e1neamente, se est\u00e1 rehabilitando la carretera de acceso a <strong>Playa Estillero<\/strong>. Este proyecto abarca <strong>2,45 km<\/strong> y tiene como objetivo mejorar la seguridad y accesibilidad mediante:<\/p>\r\n<ul>\r\n<li>Dos carriles de circulaci\u00f3n<\/li>\r\n<li>Fosos de concreto<\/li>\r\n<li>Protecci\u00f3n de taludes<\/li>\r\n<li>Reparaci\u00f3n de los reductores de velocidad existentes<\/li>\r\n<li>Instalaci\u00f3n de se\u00f1alizaci\u00f3n horizontal y vertical<\/li>\r\n<\/ul>\r\n\r\n\r\n\r\n\r\n\r\n<p><a href=\"https:\/\/deinteressamana.com\/samana-turismo-inicia-obra-con-inversion-de-mas-de-270-millones-de-pesos-en-las-terrenas-y-el-limon\/\">https:\/\/deinteressamana.com\/samana-turismo-inicia-obra-con-inversion-de-mas-de-270-millones-de-pesos-en-las-terrenas-y-el-limon\/<\/a><\/p>\r\n<p>&nbsp;<\/p>\r\n\r\n\r\n\r\n\r\n\r\n<h4><strong>Primer Resort Todo-Incluido de Wyndham Alltra en Saman\u00e1<\/strong><\/h4>\r\n<p>El grupo <strong>Wyndham Alltra<\/strong> abrir\u00e1 su primer resort todo-incluido en la Rep\u00fablica Dominicana bajo el nombre de <strong>Wyndham Alltra Saman\u00e1<\/strong>. La apertura est\u00e1 programada para el <strong>tercer trimestre<\/strong> de este a\u00f1o. El resort ofrecer\u00e1:<\/p>\r\n<ul>\r\n<li><strong>404 habitaciones<\/strong><\/li>\r\n<li>\u00c1reas comunes renovadas<\/li>\r\n<li>Restaurantes modernizados<\/li>\r\n<li>Habitaciones alineadas con los est\u00e1ndares de la marca Alltra<\/li>\r\n<\/ul>\r\n<p>El proyecto tiene como objetivo ofrecer <strong>servicios de alta calidad<\/strong> resaltando la <strong>cultura local<\/strong>, y se dirige a viajeros que buscan una experiencia de lujo asequible.<\/p>\r\n<p><a href=\"https:\/\/deinteressamana.com\/en-samana-abrira-el-primer-resort-todo-incluido-en-republica-dominicana-de-wyndham-alltra\/\" target=\"_new\" rel=\"noopener\">https:\/\/deinteressamana.com\/en-samana-abrira-el-primer-resort-todo-incluido-en-republica-dominicana-de-wyndham-alltra\/<\/a><\/p>\r\n<p>&nbsp;<\/p>\r\n\r\n\r\n\r\n<h4><strong>AEROPUERTO INTERNACIONAL PRESIDENTE JUAN BOSCH, SAMAN\u00c1 (El Catey)<\/strong><\/h4>\r\n\r\n\r\n\r\n\r\n<div class=\"wp-block-image\">\r\n<figure class=\"aligncenter size-large is-resized\"><a href=\"https:\/\/www.grindleyimmo.com\/wp-content\/uploads\/2023\/01\/sky-868658_1280.jpg\"><img loading=\"lazy\" decoding=\"async\" class=\"wp-image-36350\" src=\"https:\/\/www.grindleyimmo.com\/wp-content\/uploads\/2023\/01\/sky-868658_1280-1024x768.jpg\" alt=\"\" width=\"347\" height=\"261\" srcset=\"https:\/\/www.grindleyimmo.com\/wp-content\/uploads\/2023\/01\/sky-868658_1280-1024x768.jpg 1024w, https:\/\/www.grindleyimmo.com\/wp-content\/uploads\/2023\/01\/sky-868658_1280-300x225.jpg 300w, https:\/\/www.grindleyimmo.com\/wp-content\/uploads\/2023\/01\/sky-868658_1280-768x576.jpg 768w, https:\/\/www.grindleyimmo.com\/wp-content\/uploads\/2023\/01\/sky-868658_1280.jpg 1280w\" sizes=\"auto, (max-width: 347px) 100vw, 347px\" \/><\/a><\/figure>\r\n<\/div>\r\n\r\n\r\n\r\n\r\n<p>Ubicado en <strong>El Catey<\/strong>, el <strong>Aeropuerto Internacional Presidente Juan Bosch<\/strong> fue creado para dinamizar el turismo en el noreste de la Rep\u00fablica Dominicana. Desde su apertura en 2006, ha recibido vuelos internacionales de Europa y Am\u00e9rica del Norte.<\/p>\r\n<p>En <strong>enero de 2022<\/strong>, el aeropuerto gestion\u00f3:<\/p>\r\n<ul>\r\n<li><strong>27 vuelos<\/strong>, con un promedio de 7 vuelos por semana<\/li>\r\n<li>Vuelos frecuentes desde <strong>Montreal, Canad\u00e1 (YUL)<\/strong> y <strong>Charlotte, Estados Unidos (CLT)<\/strong><\/li>\r\n<\/ul>\r\n<p>El <strong>17 de julio<\/strong>, <strong>Air Europa<\/strong> inaugur\u00f3 un vuelo directo entre <strong>Madrid<\/strong> y <strong>Saman\u00e1<\/strong>, transportando <strong>270 pasajeros cada semana<\/strong>. Este desarrollo contribuye a la expansi\u00f3n del turismo en la regi\u00f3n.<\/p>\r\n","protected":false},"excerpt":{"rendered":"<p>Reconstrucci\u00f3n del pueblo de pescadores &nbsp; Rehabilitaci\u00f3n de carreteras en El Lim\u00f3n Simult\u00e1neamente, se est\u00e1 rehabilitando la carretera de acceso a Playa Estillero. Este proyecto abarca 2,45 km y tiene como objetivo mejorar la seguridad y accesibilidad mediante: Dos carriles de circulaci\u00f3n Fosos de concreto Protecci\u00f3n de taludes Reparaci\u00f3n de los reductores de velocidad existentes Instalaci\u00f3n de se\u00f1alizaci\u00f3n horizontal y vertical https:\/\/deinteressamana.com\/samana-turismo-inicia-obra-con-inversion-de-mas-de-270-millones-de-pesos-en-las-terrenas-y-el-limon\/ &nbsp; Primer &#8230;<\/p>\n","protected":false},"author":1,"featured_media":31328,"comment_status":"closed","ping_status":"closed","sticky":false,"template":"","format":"standard","meta":{"_view_id":"","footnotes":""},"categories":[154],"tags":[],"class_list":["post-35372","post","type-post","status-publish","format-standard","has-post-thumbnail","hentry","category-sin-categorizar"],"yoast_head":"<!-- This site is optimized with the Yoast SEO plugin v24.0 - https:\/\/yoast.com\/wordpress\/plugins\/seo\/ -->\n<title>Noticias de Las Terrenas - Greenland Immo<\/title>\n<meta name=\"robots\" content=\"index, follow, max-snippet:-1, max-image-preview:large, max-video-preview:-1\" \/>\n<link rel=\"canonical\" href=\"https:\/\/www.grindleyimmo.com\/es\/evolution-de-las-terrenas-ces-dernieres-annees\/\" \/>\n<meta property=\"og:locale\" content=\"es_ES\" \/>\n<meta property=\"og:type\" content=\"article\" \/>\n<meta property=\"og:title\" content=\"Noticias de Las Terrenas - Greenland Immo\" \/>\n<meta property=\"og:description\" content=\"Reconstrucci\u00f3n del pueblo de pescadores &nbsp; Rehabilitaci\u00f3n de carreteras en El Lim\u00f3n Simult\u00e1neamente, se est\u00e1 rehabilitando la carretera de acceso a Playa Estillero. Este proyecto abarca 2,45 km y tiene como objetivo mejorar la seguridad y accesibilidad mediante: Dos carriles de circulaci\u00f3n Fosos de concreto Protecci\u00f3n de taludes Reparaci\u00f3n de los reductores de velocidad existentes Instalaci\u00f3n de se\u00f1alizaci\u00f3n horizontal y vertical https:\/\/deinteressamana.com\/samana-turismo-inicia-obra-con-inversion-de-mas-de-270-millones-de-pesos-en-las-terrenas-y-el-limon\/ &nbsp; Primer ...\" \/>\n<meta property=\"og:url\" content=\"https:\/\/www.grindleyimmo.com\/es\/evolution-de-las-terrenas-ces-dernieres-annees\/\" \/>\n<meta property=\"og:site_name\" content=\"Greenland Immo\" \/>\n<meta property=\"article:published_time\" content=\"2023-01-10T21:39:46+00:00\" \/>\n<meta property=\"article:modified_time\" content=\"2024-09-07T15:39:13+00:00\" \/>\n<meta property=\"og:image\" content=\"https:\/\/www.grindleyimmo.com\/wp-content\/uploads\/2022\/09\/37116492504_0d7b95f8b1_c.jpg\" \/>\n\t<meta property=\"og:image:width\" content=\"800\" \/>\n\t<meta property=\"og:image:height\" content=\"400\" \/>\n\t<meta property=\"og:image:type\" content=\"image\/jpeg\" \/>\n<meta name=\"author\" content=\"dioqAdmin\" \/>\n<meta name=\"twitter:label1\" content=\"Escrito por\" \/>\n\t<meta name=\"twitter:data1\" content=\"dioqAdmin\" \/>\n\t<meta name=\"twitter:label2\" content=\"Tiempo de lectura\" \/>\n\t<meta name=\"twitter:data2\" content=\"3 minutos\" \/>\n<script type=\"application\/ld+json\" class=\"yoast-schema-graph\">{\"@context\":\"https:\/\/schema.org\",\"@graph\":[{\"@type\":\"WebPage\",\"@id\":\"https:\/\/www.grindleyimmo.com\/es\/evolution-de-las-terrenas-ces-dernieres-annees\/\",\"url\":\"https:\/\/www.grindleyimmo.com\/es\/evolution-de-las-terrenas-ces-dernieres-annees\/\",\"name\":\"Noticias de Las Terrenas - Greenland Immo\",\"isPartOf\":{\"@id\":\"https:\/\/www.grindleyimmo.com\/es\/#website\"},\"primaryImageOfPage\":{\"@id\":\"https:\/\/www.grindleyimmo.com\/es\/evolution-de-las-terrenas-ces-dernieres-annees\/#primaryimage\"},\"image\":{\"@id\":\"https:\/\/www.grindleyimmo.com\/es\/evolution-de-las-terrenas-ces-dernieres-annees\/#primaryimage\"},\"thumbnailUrl\":\"https:\/\/www.grindleyimmo.com\/wp-content\/uploads\/2022\/09\/37116492504_0d7b95f8b1_c.jpg\",\"datePublished\":\"2023-01-10T21:39:46+00:00\",\"dateModified\":\"2024-09-07T15:39:13+00:00\",\"author\":{\"@id\":\"https:\/\/www.grindleyimmo.com\/es\/#\/schema\/person\/93d4a5f731cd544166dbcd3bb5aee920\"},\"inLanguage\":\"es\",\"potentialAction\":[{\"@type\":\"ReadAction\",\"target\":[\"https:\/\/www.grindleyimmo.com\/es\/evolution-de-las-terrenas-ces-dernieres-annees\/\"]}]},{\"@type\":\"ImageObject\",\"inLanguage\":\"es\",\"@id\":\"https:\/\/www.grindleyimmo.com\/es\/evolution-de-las-terrenas-ces-dernieres-annees\/#primaryimage\",\"url\":\"https:\/\/www.grindleyimmo.com\/wp-content\/uploads\/2022\/09\/37116492504_0d7b95f8b1_c.jpg\",\"contentUrl\":\"https:\/\/www.grindleyimmo.com\/wp-content\/uploads\/2022\/09\/37116492504_0d7b95f8b1_c.jpg\",\"width\":800,\"height\":400},{\"@type\":\"WebSite\",\"@id\":\"https:\/\/www.grindleyimmo.com\/es\/#website\",\"url\":\"https:\/\/www.grindleyimmo.com\/es\/\",\"name\":\"Greenland Immo\",\"description\":\"Un site utilisant WordPress\",\"potentialAction\":[{\"@type\":\"SearchAction\",\"target\":{\"@type\":\"EntryPoint\",\"urlTemplate\":\"https:\/\/www.grindleyimmo.com\/es\/?s={search_term_string}\"},\"query-input\":{\"@type\":\"PropertyValueSpecification\",\"valueRequired\":true,\"valueName\":\"search_term_string\"}}],\"inLanguage\":\"es\"},{\"@type\":\"Person\",\"@id\":\"https:\/\/www.grindleyimmo.com\/es\/#\/schema\/person\/93d4a5f731cd544166dbcd3bb5aee920\",\"name\":\"dioqAdmin\",\"image\":{\"@type\":\"ImageObject\",\"inLanguage\":\"es\",\"@id\":\"https:\/\/www.grindleyimmo.com\/es\/#\/schema\/person\/image\/\",\"url\":\"https:\/\/secure.gravatar.com\/avatar\/71e94093cbe0d0d70d9c160233f2611fb7105983ea22c827686ec24570f73271?s=96&d=mm&r=g\",\"contentUrl\":\"https:\/\/secure.gravatar.com\/avatar\/71e94093cbe0d0d70d9c160233f2611fb7105983ea22c827686ec24570f73271?s=96&d=mm&r=g\",\"caption\":\"dioqAdmin\"},\"sameAs\":[\"https:\/\/www.grindleyimmo.com\"],\"url\":\"https:\/\/www.grindleyimmo.com\/es\/author\/dioqadmin\/\"}]}<\/script>\n<!-- \/ Yoast SEO plugin. -->","yoast_head_json":{"title":"Noticias de Las Terrenas - Greenland Immo","robots":{"index":"index","follow":"follow","max-snippet":"max-snippet:-1","max-image-preview":"max-image-preview:large","max-video-preview":"max-video-preview:-1"},"canonical":"https:\/\/www.grindleyimmo.com\/es\/evolution-de-las-terrenas-ces-dernieres-annees\/","og_locale":"es_ES","og_type":"article","og_title":"Noticias de Las Terrenas - Greenland Immo","og_description":"Reconstrucci\u00f3n del pueblo de pescadores &nbsp; Rehabilitaci\u00f3n de carreteras en El Lim\u00f3n Simult\u00e1neamente, se est\u00e1 rehabilitando la carretera de acceso a Playa Estillero. Este proyecto abarca 2,45 km y tiene como objetivo mejorar la seguridad y accesibilidad mediante: Dos carriles de circulaci\u00f3n Fosos de concreto Protecci\u00f3n de taludes Reparaci\u00f3n de los reductores de velocidad existentes Instalaci\u00f3n de se\u00f1alizaci\u00f3n horizontal y vertical https:\/\/deinteressamana.com\/samana-turismo-inicia-obra-con-inversion-de-mas-de-270-millones-de-pesos-en-las-terrenas-y-el-limon\/ &nbsp; Primer ...","og_url":"https:\/\/www.grindleyimmo.com\/es\/evolution-de-las-terrenas-ces-dernieres-annees\/","og_site_name":"Greenland Immo","article_published_time":"2023-01-10T21:39:46+00:00","article_modified_time":"2024-09-07T15:39:13+00:00","og_image":[{"width":800,"height":400,"url":"https:\/\/www.grindleyimmo.com\/wp-content\/uploads\/2022\/09\/37116492504_0d7b95f8b1_c.jpg","type":"image\/jpeg"}],"author":"dioqAdmin","twitter_misc":{"Escrito por":"dioqAdmin","Tiempo de lectura":"3 minutos"},"schema":{"@context":"https:\/\/schema.org","@graph":[{"@type":"WebPage","@id":"https:\/\/www.grindleyimmo.com\/es\/evolution-de-las-terrenas-ces-dernieres-annees\/","url":"https:\/\/www.grindleyimmo.com\/es\/evolution-de-las-terrenas-ces-dernieres-annees\/","name":"Noticias de Las Terrenas - Greenland Immo","isPartOf":{"@id":"https:\/\/www.grindleyimmo.com\/es\/#website"},"primaryImageOfPage":{"@id":"https:\/\/www.grindleyimmo.com\/es\/evolution-de-las-terrenas-ces-dernieres-annees\/#primaryimage"},"image":{"@id":"https:\/\/www.grindleyimmo.com\/es\/evolution-de-las-terrenas-ces-dernieres-annees\/#primaryimage"},"thumbnailUrl":"https:\/\/www.grindleyimmo.com\/wp-content\/uploads\/2022\/09\/37116492504_0d7b95f8b1_c.jpg","datePublished":"2023-01-10T21:39:46+00:00","dateModified":"2024-09-07T15:39:13+00:00","author":{"@id":"https:\/\/www.grindleyimmo.com\/es\/#\/schema\/person\/93d4a5f731cd544166dbcd3bb5aee920"},"inLanguage":"es","potentialAction":[{"@type":"ReadAction","target":["https:\/\/www.grindleyimmo.com\/es\/evolution-de-las-terrenas-ces-dernieres-annees\/"]}]},{"@type":"ImageObject","inLanguage":"es","@id":"https:\/\/www.grindleyimmo.com\/es\/evolution-de-las-terrenas-ces-dernieres-annees\/#primaryimage","url":"https:\/\/www.grindleyimmo.com\/wp-content\/uploads\/2022\/09\/37116492504_0d7b95f8b1_c.jpg","contentUrl":"https:\/\/www.grindleyimmo.com\/wp-content\/uploads\/2022\/09\/37116492504_0d7b95f8b1_c.jpg","width":800,"height":400},{"@type":"WebSite","@id":"https:\/\/www.grindleyimmo.com\/es\/#website","url":"https:\/\/www.grindleyimmo.com\/es\/","name":"Greenland Immo","description":"Un site utilisant WordPress","potentialAction":[{"@type":"SearchAction","target":{"@type":"EntryPoint","urlTemplate":"https:\/\/www.grindleyimmo.com\/es\/?s={search_term_string}"},"query-input":{"@type":"PropertyValueSpecification","valueRequired":true,"valueName":"search_term_string"}}],"inLanguage":"es"},{"@type":"Person","@id":"https:\/\/www.grindleyimmo.com\/es\/#\/schema\/person\/93d4a5f731cd544166dbcd3bb5aee920","name":"dioqAdmin","image":{"@type":"ImageObject","inLanguage":"es","@id":"https:\/\/www.grindleyimmo.com\/es\/#\/schema\/person\/image\/","url":"https:\/\/secure.gravatar.com\/avatar\/71e94093cbe0d0d70d9c160233f2611fb7105983ea22c827686ec24570f73271?s=96&d=mm&r=g","contentUrl":"https:\/\/secure.gravatar.com\/avatar\/71e94093cbe0d0d70d9c160233f2611fb7105983ea22c827686ec24570f73271?s=96&d=mm&r=g","caption":"dioqAdmin"},"sameAs":["https:\/\/www.grindleyimmo.com"],"url":"https:\/\/www.grindleyimmo.com\/es\/author\/dioqadmin\/"}]}},"_links":{"self":[{"href":"https:\/\/www.grindleyimmo.com\/es\/wp-json\/wp\/v2\/posts\/35372","targetHints":{"allow":["GET"]}}],"collection":[{"href":"https:\/\/www.grindleyimmo.com\/es\/wp-json\/wp\/v2\/posts"}],"about":[{"href":"https:\/\/www.grindleyimmo.com\/es\/wp-json\/wp\/v2\/types\/post"}],"author":[{"embeddable":true,"href":"https:\/\/www.grindleyimmo.com\/es\/wp-json\/wp\/v2\/users\/1"}],"replies":[{"embeddable":true,"href":"https:\/\/www.grindleyimmo.com\/es\/wp-json\/wp\/v2\/comments?post=35372"}],"version-history":[{"count":2,"href":"https:\/\/www.grindleyimmo.com\/es\/wp-json\/wp\/v2\/posts\/35372\/revisions"}],"predecessor-version":[{"id":57720,"href":"https:\/\/www.grindleyimmo.com\/es\/wp-json\/wp\/v2\/posts\/35372\/revisions\/57720"}],"wp:featuredmedia":[{"embeddable":true,"href":"https:\/\/www.grindleyimmo.com\/es\/wp-json\/wp\/v2\/media\/31328"}],"wp:attachment":[{"href":"https:\/\/www.grindleyimmo.com\/es\/wp-json\/wp\/v2\/media?parent=35372"}],"wp:term":[{"taxonomy":"category","embeddable":true,"href":"https:\/\/www.grindleyimmo.com\/es\/wp-json\/wp\/v2\/categories?post=35372"},{"taxonomy":"post_tag","embeddable":true,"href":"https:\/\/www.grindleyimmo.com\/es\/wp-json\/wp\/v2\/tags?post=35372"}],"curies":[{"name":"wp","href":"https:\/\/api.w.org\/{rel}","templated":true}]}}