{"id":29962,"date":"2023-01-10T22:39:46","date_gmt":"2023-01-10T21:39:46","guid":{"rendered":"https:\/\/www.grindleyimmo.com\/?p=29962"},"modified":"2024-09-07T17:15:30","modified_gmt":"2024-09-07T15:15:30","slug":"evolution-de-las-terrenas-ces-dernieres-annees","status":"publish","type":"post","link":"https:\/\/www.grindleyimmo.com\/fr\/infos-de-las-terrenas\/","title":{"rendered":"Nouvelles de Las Terrenas"},"content":{"rendered":"\r\n<h4 class=\"wp-block-heading\">,La reconstruction du Village des P\u00eacheurs<\/h4>\r\n\r\n\r\n<div class=\"wp-block-image\">\r\n<figure class=\"aligncenter size-large is-resized\"><a href=\"https:\/\/www.grindleyimmo.com\/wp-content\/uploads\/2023\/01\/caribbean-1958329_1280.jpg\"><img loading=\"lazy\" decoding=\"async\" class=\"wp-image-36359\" src=\"https:\/\/www.grindleyimmo.com\/wp-content\/uploads\/2023\/01\/caribbean-1958329_1280-1024x681.jpg\" alt=\"\" width=\"449\" height=\"298\" srcset=\"https:\/\/www.grindleyimmo.com\/wp-content\/uploads\/2023\/01\/caribbean-1958329_1280-1024x681.jpg 1024w, https:\/\/www.grindleyimmo.com\/wp-content\/uploads\/2023\/01\/caribbean-1958329_1280-300x199.jpg 300w, https:\/\/www.grindleyimmo.com\/wp-content\/uploads\/2023\/01\/caribbean-1958329_1280-768x511.jpg 768w, https:\/\/www.grindleyimmo.com\/wp-content\/uploads\/2023\/01\/caribbean-1958329_1280-105x70.jpg 105w, https:\/\/www.grindleyimmo.com\/wp-content\/uploads\/2023\/01\/caribbean-1958329_1280.jpg 1280w\" sizes=\"auto, (max-width: 449px) 100vw, 449px\" \/><\/a><\/figure>\r\n<\/div>\r\n\r\n\r\n<div aria-hidden=\"true\">\r\n<p>En janvier 2023, le ministre du Tourisme <strong>David Collado<\/strong> a lanc\u00e9 d\u2019importants projets de construction \u00e0 <strong>Las Terrenas<\/strong> et <strong>El Lim\u00f3n<\/strong>, dans la province de Saman\u00e1. Ces travaux incluent le <strong>pavage des routes<\/strong>, l&rsquo;am\u00e9lioration de l&rsquo;acc\u00e8s aux plages, la <strong>reconstruction du Village des P\u00eacheurs<\/strong> (Pueblo de los Pescadores), ainsi que l\u2019installation de <strong>nouveaux \u00e9clairages<\/strong>. Ces projets visent \u00e0 renforcer les infrastructures touristiques de la r\u00e9gion, avec un investissement strat\u00e9gique de plus de <strong>272 millions de pesos<\/strong>.<\/p>\r\n<p>Le ministre Collado a soulign\u00e9 l\u2019importance symbolique du Pueblo de los Pescadores pour Saman\u00e1, d\u00e9clarant : \u00ab \u00ab\u00a0Le Pueblo de los Pescadores, v\u00e9ritable symbole de cette belle destination touristique, b\u00e9nie par la nature\u00a0\u00bb. \u00bb.<\/p>\r\n<p>Le projet <strong>Plaza del Pueblo de los Pescadores<\/strong> couvre une superficie de <strong>4 930 m\u00b2<\/strong> et comprend la cr\u00e9ation d&rsquo;une <strong>place publique de 960 m\u00b2<\/strong>, des rues pav\u00e9es, et <strong>3 acc\u00e8s directs \u00e0 la plage<\/strong>. De plus, le projet comprendra <strong>10 stands de nourriture<\/strong>, <strong>2 blocs sanitaires<\/strong>, un <strong>point d\u2019information<\/strong>, ainsi que des espaces pour les services g\u00e9n\u00e9raux, l\u2019\u00e9clairage et la signalisation. Le plan int\u00e8gre \u00e9galement des <strong>am\u00e9nagements paysagers<\/strong>, un <strong>syst\u00e8me de s\u00e9curit\u00e9<\/strong>, et un <strong>parking pour v\u00e9los<\/strong>.<\/p>\r\n<\/div>\r\n\r\n\r\n\r\n\r\n\r\n<p>&nbsp;<\/p>\r\n\r\n\r\n\r\n\r\n\r\n\r\n\r\n<h4><strong>R\u00e9habilitation de la Route \u00e0 El Lim\u00f3n<\/strong><\/h4>\r\n\r\n\r\n\r\n<p>Parall\u00e8lement, la route d&rsquo;acc\u00e8s \u00e0 <strong>Playa Estillero<\/strong> est en cours de r\u00e9habilitation. Le projet couvre <strong>2,45 km<\/strong> et vise \u00e0 am\u00e9liorer la s\u00e9curit\u00e9 et l&rsquo;accessibilit\u00e9. Les am\u00e9liorations incluent :<\/p>\r\n<ul>\r\n<li>Deux voies de circulation<\/li>\r\n<li>Des foss\u00e9s en b\u00e9ton<\/li>\r\n<li>La protection des talus<\/li>\r\n<li>La r\u00e9paration des ralentisseurs existants<\/li>\r\n<li>L&rsquo;installation de panneaux de signalisation horizontale et verticale<\/li>\r\n<\/ul>\r\n\r\n\r\n\r\n\r\n\r\n<p><a href=\"https:\/\/deinteressamana.com\/samana-turismo-inicia-obra-con-inversion-de-mas-de-270-millones-de-pesos-en-las-terrenas-y-el-limon\/\">https:\/\/deinteressamana.com\/samana-turismo-inicia-obra-con-inversion-de-mas-de-270-millones-de-pesos-en-las-terrenas-y-el-limon\/<\/a><\/p>\r\n<p>&nbsp;<\/p>\r\n\r\n\r\n\r\n\r\n\r\n<h4 class=\"wp-block-heading\">Premier Resort Tout-Inclus de Wyndham Alltra \u00e0 Saman\u00e1<\/h4>\r\n<p>Le groupe <strong>Wyndham Alltra<\/strong> ouvrira son premier resort tout-inclus en R\u00e9publique Dominicaine, nomm\u00e9 <strong>Wyndham Alltra Saman\u00e1<\/strong>. L&rsquo;ouverture est pr\u00e9vue pour le troisi\u00e8me trimestre de cette ann\u00e9e. Le complexe proposera :<\/p>\r\n<ul>\r\n<li><strong>404 chambres<\/strong><\/li>\r\n<li>Des espaces communs r\u00e9nov\u00e9s<\/li>\r\n<li>Des restaurants modernis\u00e9s<\/li>\r\n<li>Des chambres align\u00e9es sur les standards \u00e9lev\u00e9s de la marque Alltra<\/li>\r\n<\/ul>\r\n<p>Ce projet ambitionne d&rsquo;offrir des services de haute qualit\u00e9 tout en valorisant la culture locale. Il s&rsquo;adresse aux voyageurs recherchant une exp\u00e9rience haut de gamme mais abordable.<\/p>\r\n\r\n\r\n\r\n\r\n\r\n<p><a href=\"https:\/\/deinteressamana.com\/en-samana-abrira-el-primer-resort-todo-incluido-en-republica-dominicana-de-wyndham-alltra\/\">https:\/\/deinteressamana.com\/en-samana-abrira-el-primer-resort-todo-incluido-en-republica-dominicana-de-wyndham-alltra\/<\/a><\/p>\r\n\r\n\r\n\r\n<p>&nbsp;<\/p>\r\n\r\n\r\n\r\n<h4 class=\"wp-block-heading\">A\u00e9roport International Pr\u00e9sident Juan Bosch \u00e0 Saman\u00e1 (El Catey)<\/h4>\r\n\r\n\r\n<div class=\"wp-block-image\">\r\n<figure class=\"aligncenter size-large is-resized\"><a href=\"https:\/\/www.grindleyimmo.com\/wp-content\/uploads\/2023\/01\/sky-868658_1280.jpg\"><img loading=\"lazy\" decoding=\"async\" class=\"wp-image-36348\" src=\"https:\/\/www.grindleyimmo.com\/wp-content\/uploads\/2023\/01\/sky-868658_1280-1024x768.jpg\" alt=\"\" width=\"467\" height=\"350\" srcset=\"https:\/\/www.grindleyimmo.com\/wp-content\/uploads\/2023\/01\/sky-868658_1280-1024x768.jpg 1024w, https:\/\/www.grindleyimmo.com\/wp-content\/uploads\/2023\/01\/sky-868658_1280-300x225.jpg 300w, https:\/\/www.grindleyimmo.com\/wp-content\/uploads\/2023\/01\/sky-868658_1280-768x576.jpg 768w, https:\/\/www.grindleyimmo.com\/wp-content\/uploads\/2023\/01\/sky-868658_1280.jpg 1280w\" sizes=\"auto, (max-width: 467px) 100vw, 467px\" \/><\/a><\/figure>\r\n<\/div>\r\n\r\n\r\n<div class=\"wp-block-spacer\" style=\"height: 35px;\" aria-hidden=\"true\">\r\n<p>Situ\u00e9 \u00e0 <strong>El Catey<\/strong>, l&rsquo;<strong>A\u00e9roport International Pr\u00e9sident Juan Bosch<\/strong> a \u00e9t\u00e9 cr\u00e9\u00e9 pour dynamiser le tourisme dans le nord-est de la R\u00e9publique Dominicaine. Depuis son ouverture en 2006, il accueille des vols internationaux en provenance d&rsquo;Europe et d&rsquo;Am\u00e9rique du Nord.<\/p>\r\n<p>En janvier 2022, l&rsquo;a\u00e9roport a re\u00e7u :<\/p>\r\n<ul>\r\n<li><strong>27 vols<\/strong>, soit une moyenne de 7 vols par semaine<\/li>\r\n<li>Des vols fr\u00e9quents depuis <strong>Montr\u00e9al, Canada (YUL)<\/strong> et <strong>Charlotte, \u00c9tats-Unis (CLT)<\/strong><\/li>\r\n<\/ul>\r\n<p>Le <strong>17 juillet<\/strong>, <strong>Air Europa<\/strong> a inaugur\u00e9 un vol direct entre Madrid et Saman\u00e1, transportant <strong>270 passagers chaque semaine<\/strong>. Ce d\u00e9veloppement contribue \u00e0 l&rsquo;expansion progressive du tourisme dans la r\u00e9gion.<\/p>\r\n<\/div>\r\n<p>&nbsp;<\/p>\r\n","protected":false},"excerpt":{"rendered":"<p>,La reconstruction du Village des P\u00eacheurs &nbsp; R\u00e9habilitation de la Route \u00e0 El Lim\u00f3n Parall\u00e8lement, la route d&rsquo;acc\u00e8s \u00e0 Playa Estillero est en cours de r\u00e9habilitation. Le projet couvre 2,45 km et vise \u00e0 am\u00e9liorer la s\u00e9curit\u00e9 et l&rsquo;accessibilit\u00e9. Les am\u00e9liorations incluent : Deux voies de circulation Des foss\u00e9s en b\u00e9ton La protection des talus La r\u00e9paration des ralentisseurs existants L&rsquo;installation de panneaux de &#8230;<\/p>\n","protected":false},"author":2,"featured_media":29964,"comment_status":"closed","ping_status":"closed","sticky":false,"template":"","format":"standard","meta":{"_view_id":"","footnotes":""},"categories":[1],"tags":[],"class_list":["post-29962","post","type-post","status-publish","format-standard","has-post-thumbnail","hentry","category-actualites"],"yoast_head":"<!-- This site is optimized with the Yoast SEO plugin v24.0 - https:\/\/yoast.com\/wordpress\/plugins\/seo\/ -->\n<title>Nouvelles de Las Terrenas - Greenland Immo<\/title>\n<meta name=\"robots\" content=\"index, follow, max-snippet:-1, max-image-preview:large, max-video-preview:-1\" \/>\n<link rel=\"canonical\" href=\"https:\/\/www.grindleyimmo.com\/fr\/infos-de-las-terrenas\/\" \/>\n<meta property=\"og:locale\" content=\"fr_FR\" \/>\n<meta property=\"og:type\" content=\"article\" \/>\n<meta property=\"og:title\" content=\"Nouvelles de Las Terrenas - Greenland Immo\" \/>\n<meta property=\"og:description\" content=\",La reconstruction du Village des P\u00eacheurs &nbsp; R\u00e9habilitation de la Route \u00e0 El Lim\u00f3n Parall\u00e8lement, la route d&rsquo;acc\u00e8s \u00e0 Playa Estillero est en cours de r\u00e9habilitation. Le projet couvre 2,45 km et vise \u00e0 am\u00e9liorer la s\u00e9curit\u00e9 et l&rsquo;accessibilit\u00e9. Les am\u00e9liorations incluent : Deux voies de circulation Des foss\u00e9s en b\u00e9ton La protection des talus La r\u00e9paration des ralentisseurs existants L&rsquo;installation de panneaux de ...\" \/>\n<meta property=\"og:url\" content=\"https:\/\/www.grindleyimmo.com\/fr\/infos-de-las-terrenas\/\" \/>\n<meta property=\"og:site_name\" content=\"Greenland Immo\" \/>\n<meta property=\"article:published_time\" content=\"2023-01-10T21:39:46+00:00\" \/>\n<meta property=\"article:modified_time\" content=\"2024-09-07T15:15:30+00:00\" \/>\n<meta property=\"og:image\" content=\"https:\/\/www.grindleyimmo.com\/wp-content\/uploads\/2022\/09\/37116492504_0d7b95f8b1_c.jpg\" \/>\n\t<meta property=\"og:image:width\" content=\"800\" \/>\n\t<meta property=\"og:image:height\" content=\"400\" \/>\n\t<meta property=\"og:image:type\" content=\"image\/jpeg\" \/>\n<meta name=\"author\" content=\"GrindleyImmo\" \/>\n<meta name=\"twitter:label1\" content=\"\u00c9crit par\" \/>\n\t<meta name=\"twitter:data1\" content=\"GrindleyImmo\" \/>\n\t<meta name=\"twitter:label2\" content=\"Dur\u00e9e de lecture estim\u00e9e\" \/>\n\t<meta name=\"twitter:data2\" content=\"3 minutes\" \/>\n<script type=\"application\/ld+json\" class=\"yoast-schema-graph\">{\"@context\":\"https:\/\/schema.org\",\"@graph\":[{\"@type\":\"WebPage\",\"@id\":\"https:\/\/www.grindleyimmo.com\/fr\/infos-de-las-terrenas\/\",\"url\":\"https:\/\/www.grindleyimmo.com\/fr\/infos-de-las-terrenas\/\",\"name\":\"Nouvelles de Las Terrenas - Greenland Immo\",\"isPartOf\":{\"@id\":\"https:\/\/www.grindleyimmo.com\/fr\/#website\"},\"primaryImageOfPage\":{\"@id\":\"https:\/\/www.grindleyimmo.com\/fr\/infos-de-las-terrenas\/#primaryimage\"},\"image\":{\"@id\":\"https:\/\/www.grindleyimmo.com\/fr\/infos-de-las-terrenas\/#primaryimage\"},\"thumbnailUrl\":\"https:\/\/www.grindleyimmo.com\/wp-content\/uploads\/2022\/09\/37116492504_0d7b95f8b1_c.jpg\",\"datePublished\":\"2023-01-10T21:39:46+00:00\",\"dateModified\":\"2024-09-07T15:15:30+00:00\",\"author\":{\"@id\":\"https:\/\/www.grindleyimmo.com\/fr\/#\/schema\/person\/fe3663e9f23a1ff6b8ed29af9ddb454f\"},\"inLanguage\":\"fr-FR\",\"potentialAction\":[{\"@type\":\"ReadAction\",\"target\":[\"https:\/\/www.grindleyimmo.com\/fr\/infos-de-las-terrenas\/\"]}]},{\"@type\":\"ImageObject\",\"inLanguage\":\"fr-FR\",\"@id\":\"https:\/\/www.grindleyimmo.com\/fr\/infos-de-las-terrenas\/#primaryimage\",\"url\":\"https:\/\/www.grindleyimmo.com\/wp-content\/uploads\/2022\/09\/37116492504_0d7b95f8b1_c.jpg\",\"contentUrl\":\"https:\/\/www.grindleyimmo.com\/wp-content\/uploads\/2022\/09\/37116492504_0d7b95f8b1_c.jpg\",\"width\":800,\"height\":400},{\"@type\":\"WebSite\",\"@id\":\"https:\/\/www.grindleyimmo.com\/fr\/#website\",\"url\":\"https:\/\/www.grindleyimmo.com\/fr\/\",\"name\":\"Greenland Immo\",\"description\":\"Agence immobili\u00e8re \",\"potentialAction\":[{\"@type\":\"SearchAction\",\"target\":{\"@type\":\"EntryPoint\",\"urlTemplate\":\"https:\/\/www.grindleyimmo.com\/fr\/?s={search_term_string}\"},\"query-input\":{\"@type\":\"PropertyValueSpecification\",\"valueRequired\":true,\"valueName\":\"search_term_string\"}}],\"inLanguage\":\"fr-FR\"},{\"@type\":\"Person\",\"@id\":\"https:\/\/www.grindleyimmo.com\/fr\/#\/schema\/person\/fe3663e9f23a1ff6b8ed29af9ddb454f\",\"name\":\"GrindleyImmo\",\"image\":{\"@type\":\"ImageObject\",\"inLanguage\":\"fr-FR\",\"@id\":\"https:\/\/www.grindleyimmo.com\/fr\/#\/schema\/person\/image\/\",\"url\":\"https:\/\/secure.gravatar.com\/avatar\/7f7f0ed95f6124932552606fa704a6830d79ca4cf2453844f6c02b231b0cc9c7?s=96&d=mm&r=g\",\"contentUrl\":\"https:\/\/secure.gravatar.com\/avatar\/7f7f0ed95f6124932552606fa704a6830d79ca4cf2453844f6c02b231b0cc9c7?s=96&d=mm&r=g\",\"caption\":\"GrindleyImmo\"},\"url\":\"https:\/\/www.grindleyimmo.com\/fr\/author\/grindleyimmo\/\"}]}<\/script>\n<!-- \/ Yoast SEO plugin. -->","yoast_head_json":{"title":"Nouvelles de Las Terrenas - Greenland Immo","robots":{"index":"index","follow":"follow","max-snippet":"max-snippet:-1","max-image-preview":"max-image-preview:large","max-video-preview":"max-video-preview:-1"},"canonical":"https:\/\/www.grindleyimmo.com\/fr\/infos-de-las-terrenas\/","og_locale":"fr_FR","og_type":"article","og_title":"Nouvelles de Las Terrenas - Greenland Immo","og_description":",La reconstruction du Village des P\u00eacheurs &nbsp; R\u00e9habilitation de la Route \u00e0 El Lim\u00f3n Parall\u00e8lement, la route d&rsquo;acc\u00e8s \u00e0 Playa Estillero est en cours de r\u00e9habilitation. Le projet couvre 2,45 km et vise \u00e0 am\u00e9liorer la s\u00e9curit\u00e9 et l&rsquo;accessibilit\u00e9. Les am\u00e9liorations incluent : Deux voies de circulation Des foss\u00e9s en b\u00e9ton La protection des talus La r\u00e9paration des ralentisseurs existants L&rsquo;installation de panneaux de ...","og_url":"https:\/\/www.grindleyimmo.com\/fr\/infos-de-las-terrenas\/","og_site_name":"Greenland Immo","article_published_time":"2023-01-10T21:39:46+00:00","article_modified_time":"2024-09-07T15:15:30+00:00","og_image":[{"width":800,"height":400,"url":"https:\/\/www.grindleyimmo.com\/wp-content\/uploads\/2022\/09\/37116492504_0d7b95f8b1_c.jpg","type":"image\/jpeg"}],"author":"GrindleyImmo","twitter_misc":{"\u00c9crit par":"GrindleyImmo","Dur\u00e9e de lecture estim\u00e9e":"3 minutes"},"schema":{"@context":"https:\/\/schema.org","@graph":[{"@type":"WebPage","@id":"https:\/\/www.grindleyimmo.com\/fr\/infos-de-las-terrenas\/","url":"https:\/\/www.grindleyimmo.com\/fr\/infos-de-las-terrenas\/","name":"Nouvelles de Las Terrenas - Greenland Immo","isPartOf":{"@id":"https:\/\/www.grindleyimmo.com\/fr\/#website"},"primaryImageOfPage":{"@id":"https:\/\/www.grindleyimmo.com\/fr\/infos-de-las-terrenas\/#primaryimage"},"image":{"@id":"https:\/\/www.grindleyimmo.com\/fr\/infos-de-las-terrenas\/#primaryimage"},"thumbnailUrl":"https:\/\/www.grindleyimmo.com\/wp-content\/uploads\/2022\/09\/37116492504_0d7b95f8b1_c.jpg","datePublished":"2023-01-10T21:39:46+00:00","dateModified":"2024-09-07T15:15:30+00:00","author":{"@id":"https:\/\/www.grindleyimmo.com\/fr\/#\/schema\/person\/fe3663e9f23a1ff6b8ed29af9ddb454f"},"inLanguage":"fr-FR","potentialAction":[{"@type":"ReadAction","target":["https:\/\/www.grindleyimmo.com\/fr\/infos-de-las-terrenas\/"]}]},{"@type":"ImageObject","inLanguage":"fr-FR","@id":"https:\/\/www.grindleyimmo.com\/fr\/infos-de-las-terrenas\/#primaryimage","url":"https:\/\/www.grindleyimmo.com\/wp-content\/uploads\/2022\/09\/37116492504_0d7b95f8b1_c.jpg","contentUrl":"https:\/\/www.grindleyimmo.com\/wp-content\/uploads\/2022\/09\/37116492504_0d7b95f8b1_c.jpg","width":800,"height":400},{"@type":"WebSite","@id":"https:\/\/www.grindleyimmo.com\/fr\/#website","url":"https:\/\/www.grindleyimmo.com\/fr\/","name":"Greenland Immo","description":"Agence immobili\u00e8re ","potentialAction":[{"@type":"SearchAction","target":{"@type":"EntryPoint","urlTemplate":"https:\/\/www.grindleyimmo.com\/fr\/?s={search_term_string}"},"query-input":{"@type":"PropertyValueSpecification","valueRequired":true,"valueName":"search_term_string"}}],"inLanguage":"fr-FR"},{"@type":"Person","@id":"https:\/\/www.grindleyimmo.com\/fr\/#\/schema\/person\/fe3663e9f23a1ff6b8ed29af9ddb454f","name":"GrindleyImmo","image":{"@type":"ImageObject","inLanguage":"fr-FR","@id":"https:\/\/www.grindleyimmo.com\/fr\/#\/schema\/person\/image\/","url":"https:\/\/secure.gravatar.com\/avatar\/7f7f0ed95f6124932552606fa704a6830d79ca4cf2453844f6c02b231b0cc9c7?s=96&d=mm&r=g","contentUrl":"https:\/\/secure.gravatar.com\/avatar\/7f7f0ed95f6124932552606fa704a6830d79ca4cf2453844f6c02b231b0cc9c7?s=96&d=mm&r=g","caption":"GrindleyImmo"},"url":"https:\/\/www.grindleyimmo.com\/fr\/author\/grindleyimmo\/"}]}},"_links":{"self":[{"href":"https:\/\/www.grindleyimmo.com\/fr\/wp-json\/wp\/v2\/posts\/29962","targetHints":{"allow":["GET"]}}],"collection":[{"href":"https:\/\/www.grindleyimmo.com\/fr\/wp-json\/wp\/v2\/posts"}],"about":[{"href":"https:\/\/www.grindleyimmo.com\/fr\/wp-json\/wp\/v2\/types\/post"}],"author":[{"embeddable":true,"href":"https:\/\/www.grindleyimmo.com\/fr\/wp-json\/wp\/v2\/users\/2"}],"replies":[{"embeddable":true,"href":"https:\/\/www.grindleyimmo.com\/fr\/wp-json\/wp\/v2\/comments?post=29962"}],"version-history":[{"count":2,"href":"https:\/\/www.grindleyimmo.com\/fr\/wp-json\/wp\/v2\/posts\/29962\/revisions"}],"predecessor-version":[{"id":57714,"href":"https:\/\/www.grindleyimmo.com\/fr\/wp-json\/wp\/v2\/posts\/29962\/revisions\/57714"}],"wp:featuredmedia":[{"embeddable":true,"href":"https:\/\/www.grindleyimmo.com\/fr\/wp-json\/wp\/v2\/media\/29964"}],"wp:attachment":[{"href":"https:\/\/www.grindleyimmo.com\/fr\/wp-json\/wp\/v2\/media?parent=29962"}],"wp:term":[{"taxonomy":"category","embeddable":true,"href":"https:\/\/www.grindleyimmo.com\/fr\/wp-json\/wp\/v2\/categories?post=29962"},{"taxonomy":"post_tag","embeddable":true,"href":"https:\/\/www.grindleyimmo.com\/fr\/wp-json\/wp\/v2\/tags?post=29962"}],"curies":[{"name":"wp","href":"https:\/\/api.w.org\/{rel}","templated":true}]}}