{"id":51702,"date":"2024-05-16T17:09:47","date_gmt":"2024-05-16T15:09:47","guid":{"rendered":"https:\/\/www.grindleyimmo.com\/?p=51702"},"modified":"2024-06-05T23:12:34","modified_gmt":"2024-06-05T21:12:34","slug":"air-transat-connecte-samana-au-depart-de-la-france","status":"publish","type":"post","link":"https:\/\/www.grindleyimmo.com\/fr\/air-transat-connecte-samana-au-depart-de-la-france\/","title":{"rendered":"Air Transat connecte enfin la France \u00e0 Las Terrenas-Samana\u00a0! \u00a0"},"content":{"rendered":"<p>Attendue depuis un certain temps par les voyageurs venant d\u2019Europe et sp\u00e9cialement de France, Air Transat ouvre une nouvelle ligne A\u00e9roport Paris Charle de Gaulle \u2013 A\u00e9roport Samana El Catey, R\u00e9publique Dominicaine.<\/p>\n<p>En effet, Air Transat, la c\u00e9l\u00e8bre compagnie a\u00e9rienne canadienne, \u00e9largit son r\u00e9seau de vols avec le lancement d&rsquo;une nouvelle liaison entre Paris et l&rsquo;a\u00e9roport international de Saman\u00e1 El Catey, en R\u00e9publique dominicaine. Cette nouvelle route offre aux voyageurs une opportunit\u00e9 excitante de d\u00e9couvrir les magnifiques plages de la c\u00f4te nord-est de la R\u00e9publique dominicaine et de Las Terrenas, ainsi que les richesses culturelles de cette destination tropicale.<\/p>\n<p><a href=\"https:\/\/www.grindleyimmo.com\/wp-content\/uploads\/2024\/05\/PLAYA-COSON-1-scaled.jpg\"><img loading=\"lazy\" decoding=\"async\" class=\"wp-image-52511 alignright\" src=\"https:\/\/www.grindleyimmo.com\/wp-content\/uploads\/2024\/05\/PLAYA-COSON-1-scaled.jpg\" alt=\"\" width=\"330\" height=\"220\" srcset=\"https:\/\/www.grindleyimmo.com\/wp-content\/uploads\/2024\/05\/PLAYA-COSON-1-scaled.jpg 2560w, https:\/\/www.grindleyimmo.com\/wp-content\/uploads\/2024\/05\/PLAYA-COSON-1-300x200.jpg 300w, https:\/\/www.grindleyimmo.com\/wp-content\/uploads\/2024\/05\/PLAYA-COSON-1-1024x683.jpg 1024w, https:\/\/www.grindleyimmo.com\/wp-content\/uploads\/2024\/05\/PLAYA-COSON-1-768x512.jpg 768w, https:\/\/www.grindleyimmo.com\/wp-content\/uploads\/2024\/05\/PLAYA-COSON-1-1536x1024.jpg 1536w, https:\/\/www.grindleyimmo.com\/wp-content\/uploads\/2024\/05\/PLAYA-COSON-1-2048x1366.jpg 2048w, https:\/\/www.grindleyimmo.com\/wp-content\/uploads\/2024\/05\/PLAYA-COSON-1-105x70.jpg 105w\" sizes=\"auto, (max-width: 330px) 100vw, 330px\" \/><\/a><\/p>\n<p>L&rsquo;a\u00e9roport international de Saman\u00e1 El Catey, situ\u00e9 \u00e0 45 minutes de la ville de Saman\u00e1 et \u00e0 30 minutes de<a href=\"https:\/\/www.grindleyimmo.com\/fr\/\"> Las Terrenas<\/a>, est une porte d&rsquo;entr\u00e9e id\u00e9ale pour les voyageurs d\u00e9sirant explorer cette r\u00e9gion pittoresque. Connue pour ses <a href=\"https:\/\/www.grindleyimmo.com\/fr\/les-plages-de-las-terrenas-samana-un-paradis-tropical-devoile\/\">plages de sable blanc<\/a> immacul\u00e9 bord\u00e9es par des milliers de cocotiers, ses eaux cristallines et sa v\u00e9g\u00e9tation luxuriante, Saman\u00e1 est une destination de choix pour les amoureux de la nature, les aventuriers et les amateurs de farniente.<\/p>\n<p>&nbsp;<\/p>\n<p>Gr\u00e2ce \u00e0 cette nouvelle liaison, les voyageurs en provenance de Paris auront la possibilit\u00e9 de d\u00e9couvrir facilement les tr\u00e9sors cach\u00e9s de la R\u00e9publique dominicaine, <a href=\"https:\/\/www.grindleyimmo.com\/fr\/pourquoi-investir-a-las-terrenas\/\">destination aujourd\u2019hui pris\u00e9e des Cara\u00efbes<\/a>. Les vols Paris-Samana seront op\u00e9r\u00e9s par des avions modernes et confortables, offrant aux passagers une exp\u00e9rience de voyage agr\u00e9able et relaxante.<\/p>\n<p>En plus des plages de renomm\u00e9e mondiale, les voyageurs pourront \u00e9galement profiter d&rsquo;une vari\u00e9t\u00e9 d&rsquo;activit\u00e9s et d&rsquo;excursions dans la r\u00e9gion, telles que l&rsquo;observation des baleines \u00e0 bosse, la randonn\u00e9e dans les montagnes verdoyantes de Saman\u00e1, et la d\u00e9couverte des villages de p\u00eacheurs pittoresques.<\/p>\n<p><a href=\"https:\/\/www.grindleyimmo.com\/wp-content\/uploads\/2024\/05\/whale-ai-image-scaled.jpg\"><img loading=\"lazy\" decoding=\"async\" class=\"alignnone size-full wp-image-52507\" src=\"https:\/\/www.grindleyimmo.com\/wp-content\/uploads\/2024\/05\/whale-ai-image-scaled.jpg\" alt=\"\" width=\"2560\" height=\"1435\" srcset=\"https:\/\/www.grindleyimmo.com\/wp-content\/uploads\/2024\/05\/whale-ai-image-scaled.jpg 2560w, https:\/\/www.grindleyimmo.com\/wp-content\/uploads\/2024\/05\/whale-ai-image-300x168.jpg 300w, https:\/\/www.grindleyimmo.com\/wp-content\/uploads\/2024\/05\/whale-ai-image-1024x574.jpg 1024w, https:\/\/www.grindleyimmo.com\/wp-content\/uploads\/2024\/05\/whale-ai-image-768x430.jpg 768w, https:\/\/www.grindleyimmo.com\/wp-content\/uploads\/2024\/05\/whale-ai-image-1536x861.jpg 1536w, https:\/\/www.grindleyimmo.com\/wp-content\/uploads\/2024\/05\/whale-ai-image-2048x1148.jpg 2048w, https:\/\/www.grindleyimmo.com\/wp-content\/uploads\/2024\/05\/whale-ai-image-255x143.jpg 255w, https:\/\/www.grindleyimmo.com\/wp-content\/uploads\/2024\/05\/whale-ai-image-835x467.jpg 835w, https:\/\/www.grindleyimmo.com\/wp-content\/uploads\/2024\/05\/whale-ai-image-1110x623.jpg 1110w\" sizes=\"auto, (max-width: 2560px) 100vw, 2560px\" \/><\/a><\/p>\n<p>Les vols entre Paris et l&rsquo;a\u00e9roport El Catey seront disponibles \u00e0 partir de l\u2019automne 2024 offrant aux voyageurs une nouvelle option pour explorer les merveilles de la R\u00e9publique dominicaine.<\/p>\n","protected":false},"excerpt":{"rendered":"<p>Attendue depuis un certain temps par les voyageurs venant d\u2019Europe et sp\u00e9cialement de France, Air Transat ouvre une nouvelle ligne A\u00e9roport Paris Charle de Gaulle \u2013 A\u00e9roport Samana El Catey, R\u00e9publique Dominicaine. En effet, Air Transat, la c\u00e9l\u00e8bre compagnie a\u00e9rienne canadienne, \u00e9largit son r\u00e9seau de vols avec le lancement d&rsquo;une nouvelle liaison entre Paris et l&rsquo;a\u00e9roport international de Saman\u00e1 El Catey, en R\u00e9publique dominicaine. &#8230;<\/p>\n","protected":false},"author":2,"featured_media":52495,"comment_status":"closed","ping_status":"closed","sticky":false,"template":"","format":"standard","meta":{"_view_id":"","footnotes":""},"categories":[1],"tags":[],"class_list":["post-51702","post","type-post","status-publish","format-standard","has-post-thumbnail","hentry","category-actualites"],"yoast_head":"<!-- This site is optimized with the Yoast SEO plugin v24.0 - https:\/\/yoast.com\/wordpress\/plugins\/seo\/ -->\n<title>Air Transat connecte enfin la France \u00e0 Las Terrenas-Samana\u00a0! \u00a0 - Greenland Immo<\/title>\n<meta name=\"robots\" content=\"index, follow, max-snippet:-1, max-image-preview:large, max-video-preview:-1\" \/>\n<link rel=\"canonical\" href=\"https:\/\/www.grindleyimmo.com\/fr\/air-transat-connecte-samana-au-depart-de-la-france\/\" \/>\n<meta property=\"og:locale\" content=\"fr_FR\" \/>\n<meta property=\"og:type\" content=\"article\" \/>\n<meta property=\"og:title\" content=\"Air Transat connecte enfin la France \u00e0 Las Terrenas-Samana\u00a0! \u00a0 - Greenland Immo\" \/>\n<meta property=\"og:description\" content=\"Attendue depuis un certain temps par les voyageurs venant d\u2019Europe et sp\u00e9cialement de France, Air Transat ouvre une nouvelle ligne A\u00e9roport Paris Charle de Gaulle \u2013 A\u00e9roport Samana El Catey, R\u00e9publique Dominicaine. En effet, Air Transat, la c\u00e9l\u00e8bre compagnie a\u00e9rienne canadienne, \u00e9largit son r\u00e9seau de vols avec le lancement d&rsquo;une nouvelle liaison entre Paris et l&rsquo;a\u00e9roport international de Saman\u00e1 El Catey, en R\u00e9publique dominicaine. ...\" \/>\n<meta property=\"og:url\" content=\"https:\/\/www.grindleyimmo.com\/fr\/air-transat-connecte-samana-au-depart-de-la-france\/\" \/>\n<meta property=\"og:site_name\" content=\"Greenland Immo\" \/>\n<meta property=\"article:published_time\" content=\"2024-05-16T15:09:47+00:00\" \/>\n<meta property=\"article:modified_time\" content=\"2024-06-05T21:12:34+00:00\" \/>\n<meta property=\"og:image\" content=\"https:\/\/www.grindleyimmo.com\/wp-content\/uploads\/2024\/05\/travel-destination-view-from-airplane-window-scaled.jpg\" \/>\n\t<meta property=\"og:image:width\" content=\"2560\" \/>\n\t<meta property=\"og:image:height\" content=\"1435\" \/>\n\t<meta property=\"og:image:type\" content=\"image\/jpeg\" \/>\n<meta name=\"author\" content=\"GrindleyImmo\" \/>\n<meta name=\"twitter:label1\" content=\"\u00c9crit par\" \/>\n\t<meta name=\"twitter:data1\" content=\"GrindleyImmo\" \/>\n\t<meta name=\"twitter:label2\" content=\"Dur\u00e9e de lecture estim\u00e9e\" \/>\n\t<meta name=\"twitter:data2\" content=\"3 minutes\" \/>\n<script type=\"application\/ld+json\" class=\"yoast-schema-graph\">{\"@context\":\"https:\/\/schema.org\",\"@graph\":[{\"@type\":\"WebPage\",\"@id\":\"https:\/\/www.grindleyimmo.com\/fr\/air-transat-connecte-samana-au-depart-de-la-france\/\",\"url\":\"https:\/\/www.grindleyimmo.com\/fr\/air-transat-connecte-samana-au-depart-de-la-france\/\",\"name\":\"Air Transat connecte enfin la France \u00e0 Las Terrenas-Samana\u00a0! \u00a0 - Greenland Immo\",\"isPartOf\":{\"@id\":\"https:\/\/www.grindleyimmo.com\/fr\/#website\"},\"primaryImageOfPage\":{\"@id\":\"https:\/\/www.grindleyimmo.com\/fr\/air-transat-connecte-samana-au-depart-de-la-france\/#primaryimage\"},\"image\":{\"@id\":\"https:\/\/www.grindleyimmo.com\/fr\/air-transat-connecte-samana-au-depart-de-la-france\/#primaryimage\"},\"thumbnailUrl\":\"https:\/\/www.grindleyimmo.com\/wp-content\/uploads\/2024\/05\/travel-destination-view-from-airplane-window-scaled.jpg\",\"datePublished\":\"2024-05-16T15:09:47+00:00\",\"dateModified\":\"2024-06-05T21:12:34+00:00\",\"author\":{\"@id\":\"https:\/\/www.grindleyimmo.com\/fr\/#\/schema\/person\/fe3663e9f23a1ff6b8ed29af9ddb454f\"},\"inLanguage\":\"fr-FR\",\"potentialAction\":[{\"@type\":\"ReadAction\",\"target\":[\"https:\/\/www.grindleyimmo.com\/fr\/air-transat-connecte-samana-au-depart-de-la-france\/\"]}]},{\"@type\":\"ImageObject\",\"inLanguage\":\"fr-FR\",\"@id\":\"https:\/\/www.grindleyimmo.com\/fr\/air-transat-connecte-samana-au-depart-de-la-france\/#primaryimage\",\"url\":\"https:\/\/www.grindleyimmo.com\/wp-content\/uploads\/2024\/05\/travel-destination-view-from-airplane-window-scaled.jpg\",\"contentUrl\":\"https:\/\/www.grindleyimmo.com\/wp-content\/uploads\/2024\/05\/travel-destination-view-from-airplane-window-scaled.jpg\",\"width\":2560,\"height\":1435},{\"@type\":\"WebSite\",\"@id\":\"https:\/\/www.grindleyimmo.com\/fr\/#website\",\"url\":\"https:\/\/www.grindleyimmo.com\/fr\/\",\"name\":\"Greenland Immo\",\"description\":\"Agence immobili\u00e8re \",\"potentialAction\":[{\"@type\":\"SearchAction\",\"target\":{\"@type\":\"EntryPoint\",\"urlTemplate\":\"https:\/\/www.grindleyimmo.com\/fr\/?s={search_term_string}\"},\"query-input\":{\"@type\":\"PropertyValueSpecification\",\"valueRequired\":true,\"valueName\":\"search_term_string\"}}],\"inLanguage\":\"fr-FR\"},{\"@type\":\"Person\",\"@id\":\"https:\/\/www.grindleyimmo.com\/fr\/#\/schema\/person\/fe3663e9f23a1ff6b8ed29af9ddb454f\",\"name\":\"GrindleyImmo\",\"image\":{\"@type\":\"ImageObject\",\"inLanguage\":\"fr-FR\",\"@id\":\"https:\/\/www.grindleyimmo.com\/fr\/#\/schema\/person\/image\/\",\"url\":\"https:\/\/secure.gravatar.com\/avatar\/7f7f0ed95f6124932552606fa704a6830d79ca4cf2453844f6c02b231b0cc9c7?s=96&d=mm&r=g\",\"contentUrl\":\"https:\/\/secure.gravatar.com\/avatar\/7f7f0ed95f6124932552606fa704a6830d79ca4cf2453844f6c02b231b0cc9c7?s=96&d=mm&r=g\",\"caption\":\"GrindleyImmo\"},\"url\":\"https:\/\/www.grindleyimmo.com\/fr\/author\/grindleyimmo\/\"}]}<\/script>\n<!-- \/ Yoast SEO plugin. -->","yoast_head_json":{"title":"Air Transat connecte enfin la France \u00e0 Las Terrenas-Samana\u00a0! \u00a0 - Greenland Immo","robots":{"index":"index","follow":"follow","max-snippet":"max-snippet:-1","max-image-preview":"max-image-preview:large","max-video-preview":"max-video-preview:-1"},"canonical":"https:\/\/www.grindleyimmo.com\/fr\/air-transat-connecte-samana-au-depart-de-la-france\/","og_locale":"fr_FR","og_type":"article","og_title":"Air Transat connecte enfin la France \u00e0 Las Terrenas-Samana\u00a0! \u00a0 - Greenland Immo","og_description":"Attendue depuis un certain temps par les voyageurs venant d\u2019Europe et sp\u00e9cialement de France, Air Transat ouvre une nouvelle ligne A\u00e9roport Paris Charle de Gaulle \u2013 A\u00e9roport Samana El Catey, R\u00e9publique Dominicaine. En effet, Air Transat, la c\u00e9l\u00e8bre compagnie a\u00e9rienne canadienne, \u00e9largit son r\u00e9seau de vols avec le lancement d&rsquo;une nouvelle liaison entre Paris et l&rsquo;a\u00e9roport international de Saman\u00e1 El Catey, en R\u00e9publique dominicaine. ...","og_url":"https:\/\/www.grindleyimmo.com\/fr\/air-transat-connecte-samana-au-depart-de-la-france\/","og_site_name":"Greenland Immo","article_published_time":"2024-05-16T15:09:47+00:00","article_modified_time":"2024-06-05T21:12:34+00:00","og_image":[{"width":2560,"height":1435,"url":"https:\/\/www.grindleyimmo.com\/wp-content\/uploads\/2024\/05\/travel-destination-view-from-airplane-window-scaled.jpg","type":"image\/jpeg"}],"author":"GrindleyImmo","twitter_misc":{"\u00c9crit par":"GrindleyImmo","Dur\u00e9e de lecture estim\u00e9e":"3 minutes"},"schema":{"@context":"https:\/\/schema.org","@graph":[{"@type":"WebPage","@id":"https:\/\/www.grindleyimmo.com\/fr\/air-transat-connecte-samana-au-depart-de-la-france\/","url":"https:\/\/www.grindleyimmo.com\/fr\/air-transat-connecte-samana-au-depart-de-la-france\/","name":"Air Transat connecte enfin la France \u00e0 Las Terrenas-Samana\u00a0! \u00a0 - Greenland Immo","isPartOf":{"@id":"https:\/\/www.grindleyimmo.com\/fr\/#website"},"primaryImageOfPage":{"@id":"https:\/\/www.grindleyimmo.com\/fr\/air-transat-connecte-samana-au-depart-de-la-france\/#primaryimage"},"image":{"@id":"https:\/\/www.grindleyimmo.com\/fr\/air-transat-connecte-samana-au-depart-de-la-france\/#primaryimage"},"thumbnailUrl":"https:\/\/www.grindleyimmo.com\/wp-content\/uploads\/2024\/05\/travel-destination-view-from-airplane-window-scaled.jpg","datePublished":"2024-05-16T15:09:47+00:00","dateModified":"2024-06-05T21:12:34+00:00","author":{"@id":"https:\/\/www.grindleyimmo.com\/fr\/#\/schema\/person\/fe3663e9f23a1ff6b8ed29af9ddb454f"},"inLanguage":"fr-FR","potentialAction":[{"@type":"ReadAction","target":["https:\/\/www.grindleyimmo.com\/fr\/air-transat-connecte-samana-au-depart-de-la-france\/"]}]},{"@type":"ImageObject","inLanguage":"fr-FR","@id":"https:\/\/www.grindleyimmo.com\/fr\/air-transat-connecte-samana-au-depart-de-la-france\/#primaryimage","url":"https:\/\/www.grindleyimmo.com\/wp-content\/uploads\/2024\/05\/travel-destination-view-from-airplane-window-scaled.jpg","contentUrl":"https:\/\/www.grindleyimmo.com\/wp-content\/uploads\/2024\/05\/travel-destination-view-from-airplane-window-scaled.jpg","width":2560,"height":1435},{"@type":"WebSite","@id":"https:\/\/www.grindleyimmo.com\/fr\/#website","url":"https:\/\/www.grindleyimmo.com\/fr\/","name":"Greenland Immo","description":"Agence immobili\u00e8re ","potentialAction":[{"@type":"SearchAction","target":{"@type":"EntryPoint","urlTemplate":"https:\/\/www.grindleyimmo.com\/fr\/?s={search_term_string}"},"query-input":{"@type":"PropertyValueSpecification","valueRequired":true,"valueName":"search_term_string"}}],"inLanguage":"fr-FR"},{"@type":"Person","@id":"https:\/\/www.grindleyimmo.com\/fr\/#\/schema\/person\/fe3663e9f23a1ff6b8ed29af9ddb454f","name":"GrindleyImmo","image":{"@type":"ImageObject","inLanguage":"fr-FR","@id":"https:\/\/www.grindleyimmo.com\/fr\/#\/schema\/person\/image\/","url":"https:\/\/secure.gravatar.com\/avatar\/7f7f0ed95f6124932552606fa704a6830d79ca4cf2453844f6c02b231b0cc9c7?s=96&d=mm&r=g","contentUrl":"https:\/\/secure.gravatar.com\/avatar\/7f7f0ed95f6124932552606fa704a6830d79ca4cf2453844f6c02b231b0cc9c7?s=96&d=mm&r=g","caption":"GrindleyImmo"},"url":"https:\/\/www.grindleyimmo.com\/fr\/author\/grindleyimmo\/"}]}},"_links":{"self":[{"href":"https:\/\/www.grindleyimmo.com\/fr\/wp-json\/wp\/v2\/posts\/51702","targetHints":{"allow":["GET"]}}],"collection":[{"href":"https:\/\/www.grindleyimmo.com\/fr\/wp-json\/wp\/v2\/posts"}],"about":[{"href":"https:\/\/www.grindleyimmo.com\/fr\/wp-json\/wp\/v2\/types\/post"}],"author":[{"embeddable":true,"href":"https:\/\/www.grindleyimmo.com\/fr\/wp-json\/wp\/v2\/users\/2"}],"replies":[{"embeddable":true,"href":"https:\/\/www.grindleyimmo.com\/fr\/wp-json\/wp\/v2\/comments?post=51702"}],"version-history":[{"count":11,"href":"https:\/\/www.grindleyimmo.com\/fr\/wp-json\/wp\/v2\/posts\/51702\/revisions"}],"predecessor-version":[{"id":52522,"href":"https:\/\/www.grindleyimmo.com\/fr\/wp-json\/wp\/v2\/posts\/51702\/revisions\/52522"}],"wp:featuredmedia":[{"embeddable":true,"href":"https:\/\/www.grindleyimmo.com\/fr\/wp-json\/wp\/v2\/media\/52495"}],"wp:attachment":[{"href":"https:\/\/www.grindleyimmo.com\/fr\/wp-json\/wp\/v2\/media?parent=51702"}],"wp:term":[{"taxonomy":"category","embeddable":true,"href":"https:\/\/www.grindleyimmo.com\/fr\/wp-json\/wp\/v2\/categories?post=51702"},{"taxonomy":"post_tag","embeddable":true,"href":"https:\/\/www.grindleyimmo.com\/fr\/wp-json\/wp\/v2\/tags?post=51702"}],"curies":[{"name":"wp","href":"https:\/\/api.w.org\/{rel}","templated":true}]}}